[{"@context":"https:\/\/schema.org\/","@type":"Article","@id":"https:\/\/www.sosag.cz\/vonne-tycinky\/#Article","mainEntityOfPage":"https:\/\/www.sosag.cz\/vonne-tycinky\/","headline":"Vonn\u00e9 ty\u010dinky","name":"Vonn\u00e9 ty\u010dinky","description":"Kdo by netou\u017eil po ve\u010dern\u00ed relaxaci, kdy\u017e se cel\u00fd den hon\u00edte pro [&hellip;]","datePublished":"2025-04-15","dateModified":"2025-04-15","author":{"@type":"Person","@id":"https:\/\/www.sosag.cz\/author\/#Person","name":"","url":"https:\/\/www.sosag.cz\/author\/","identifier":1,"image":{"@type":"ImageObject","@id":"https:\/\/secure.gravatar.com\/avatar\/91506ed60e31abe586276a3e1420719df081581a820344a28fa2034bb1a2fe22?s=96&d=mm&r=g","url":"https:\/\/secure.gravatar.com\/avatar\/91506ed60e31abe586276a3e1420719df081581a820344a28fa2034bb1a2fe22?s=96&d=mm&r=g","height":96,"width":96}},"publisher":{"@type":"Organization","name":"sosag.cz","logo":{"@type":"ImageObject","@id":"\/logo.png","url":"\/logo.png","width":600,"height":60}},"url":"https:\/\/www.sosag.cz\/vonne-tycinky\/","wordCount":185,"articleBody":"Kdo by netou\u017eil po ve\u010dern\u00ed relaxaci, kdy\u017e se cel\u00fd den hon\u00edte pro ciz\u00ed \u00fasp\u011bch a podnikatelsk\u00fd z\u00e1m\u011br. Vonn\u00e9 ty\u010dinky v\u00e1m vykouzl\u00ed \u00fasm\u011bv na tv\u00e1\u0159i! Ve\u0161ker\u00e1 strnulost v obli\u010deji se okam\u017eit\u011b odplav\u00ed a z\u016fstane jen p\u0159irozen\u00fd \u00fasm\u011bv. Pak u\u017e sta\u010d\u00ed si d\u00e1t jen dobr\u00e9 j\u00eddlo a teplou koupel! V\u00e1\u0161 partner bude nad\u0161en\u00fd, jak \u00fa\u017easn\u00fd ve\u010der dok\u00e1\u017eete nastolit! A to v\u0161e d\u00edky vonn\u00fdm ty\u010dink\u00e1m.Vonn\u00e9 ty\u010dinkyHled\u00e1te vhodn\u00fd d\u00e1rek a p\u0159itom va\u0161e pen\u011b\u017eenka nen\u00ed nadit\u00e1 pen\u011b\u017en\u00edmi prost\u0159edky k prasknut\u00ed? A co takhle vonn\u00e9 ty\u010dinky? Nen\u00ed to senza\u010dn\u00ed n\u00e1pad? Mysl\u00edme, \u017ee ano!P\u0159ita\u017eliv\u00e9 aroma v\u00edt\u011bz\u00edDop\u0159ejte si omamn\u00e9 aroma. Sv\u00ed\u010dky jsou ji\u017e tradi\u010dn\u00ed z\u00e1le\u017eitost\u00ed, tak by to cht\u011blo zm\u011bnu a tou by mohly b\u00fdt pr\u00e1v\u011b vonn\u00e9 ty\u010dinky. Nev\u00e1hejte p\u0159\u00edli\u0161 dlouho. Kdo zav\u00e1h\u00e1, tak o ty nejomamn\u011bj\u0161\u00ed v\u016fn\u011b brzo p\u0159ijde!                                                                                                                                                                                                                                                                                                                                                                                                "},{"@context":"https:\/\/schema.org\/","@type":"BreadcrumbList","itemListElement":[{"@type":"ListItem","position":1,"name":"Vonn\u00e9 ty\u010dinky","item":"https:\/\/www.sosag.cz\/vonne-tycinky\/#breadcrumbitem"}]}]