[{"@context":"https:\/\/schema.org\/","@type":"Article","@id":"https:\/\/www.sosag.cz\/svetlo-a-teplo\/#Article","mainEntityOfPage":"https:\/\/www.sosag.cz\/svetlo-a-teplo\/","headline":"Sv\u011btlo a teplo","name":"Sv\u011btlo a teplo","description":"Mysl\u00edte si, \u017ee nem\u016f\u017eete m\u00edt doma jak p\u0159\u00edrodn\u00ed sv\u011btlo, tak tak\u00e9 teplo? [&hellip;]","datePublished":"2024-12-04","dateModified":"2024-12-04","author":{"@type":"Person","@id":"https:\/\/www.sosag.cz\/author\/#Person","name":"","url":"https:\/\/www.sosag.cz\/author\/","identifier":1,"image":{"@type":"ImageObject","@id":"https:\/\/secure.gravatar.com\/avatar\/91506ed60e31abe586276a3e1420719df081581a820344a28fa2034bb1a2fe22?s=96&d=mm&r=g","url":"https:\/\/secure.gravatar.com\/avatar\/91506ed60e31abe586276a3e1420719df081581a820344a28fa2034bb1a2fe22?s=96&d=mm&r=g","height":96,"width":96}},"publisher":{"@type":"Organization","name":"sosag.cz","logo":{"@type":"ImageObject","@id":"\/logo.png","url":"\/logo.png","width":600,"height":60}},"url":"https:\/\/www.sosag.cz\/svetlo-a-teplo\/","wordCount":172,"articleBody":"Mysl\u00edte si, \u017ee nem\u016f\u017eete m\u00edt doma jak p\u0159\u00edrodn\u00ed sv\u011btlo, tak tak\u00e9 teplo? \u017de se oboj\u00ed vylu\u010duje, proto\u017ee t\u0159eba st\u0159e\u0161n\u00edmi okny teplo domova unik\u00e1? To u\u017e d\u00e1vno nen\u00ed pravda. V sou\u010dasn\u00e9 dob\u011b technologie v\u00fdroby pokro\u010dila natolik, \u017ee V\u00e1m m\u016f\u017eeme nab\u00eddnout okna jak funk\u010dn\u00ed a kvalitn\u00ed, tak z\u00e1rove\u0148 takov\u00e1, kter\u00e1 nepropust\u00ed teplo ven, pokud sami nechcete. Jak si vyb\u00edrat? Spoustu druh\u016f dr\u017e\u00edme skladem, tak\u017ee V\u00e1m vybran\u00e9 zbo\u017e\u00ed m\u016f\u017eeme okam\u017eit\u011b zaslat tam, kam pot\u0159ebujete. I Va\u0161e st\u0159echa m\u016f\u017ee vypadat hezky a m\u016f\u017ee propou\u0161t\u011bt do podkrov\u00ed sv\u011btlo. Vyu\u017eijte voln\u00e9ho prostoru obvodu domu, kter\u00fd byste jinak vyu\u017e\u00edt nemohli. Pokud nev\u00edte, jak\u00fd model si vybrat, sta\u010d\u00ed n\u00e1m zavolat \u010di napsat a r\u00e1di V\u00e1m pom\u016f\u017eeme. Jsme jedni z m\u00e1la, kte\u0159\u00ed poskytuj\u00ed z\u00e1ruku na zbo\u017e\u00ed i v p\u0159\u00edpad\u011b, \u017ee si jej namontujete sami.                                                                                                                                                                                                                                                                                                                                                                                        5\/5 - (1 vote)        "},{"@context":"https:\/\/schema.org\/","@type":"BreadcrumbList","itemListElement":[{"@type":"ListItem","position":1,"name":"Sv\u011btlo a teplo","item":"https:\/\/www.sosag.cz\/svetlo-a-teplo\/#breadcrumbitem"}]}]