[{"@context":"https:\/\/schema.org\/","@type":"Article","@id":"https:\/\/www.sosag.cz\/se-svatebnimi-saty-se-budete-citit-jako-princezna\/#Article","mainEntityOfPage":"https:\/\/www.sosag.cz\/se-svatebnimi-saty-se-budete-citit-jako-princezna\/","headline":"Se svatebn\u00edmi \u0161aty se budete c\u00edtit jako princezna","name":"Se svatebn\u00edmi \u0161aty se budete c\u00edtit jako princezna","description":"Vd\u00e1vat by se cht\u011bla snad ka\u017ed\u00e1 \u017eena, kter\u00e1 pozn\u00e1 svou osudovou l\u00e1sku. [&hellip;]","datePublished":"2023-09-22","dateModified":"2023-09-22","author":{"@type":"Person","@id":"https:\/\/www.sosag.cz\/author\/#Person","name":"","url":"https:\/\/www.sosag.cz\/author\/","identifier":1,"image":{"@type":"ImageObject","@id":"https:\/\/secure.gravatar.com\/avatar\/91506ed60e31abe586276a3e1420719df081581a820344a28fa2034bb1a2fe22?s=96&d=mm&r=g","url":"https:\/\/secure.gravatar.com\/avatar\/91506ed60e31abe586276a3e1420719df081581a820344a28fa2034bb1a2fe22?s=96&d=mm&r=g","height":96,"width":96}},"publisher":{"@type":"Organization","name":"sosag.cz","logo":{"@type":"ImageObject","@id":"\/logo.png","url":"\/logo.png","width":600,"height":60}},"url":"https:\/\/www.sosag.cz\/se-svatebnimi-saty-se-budete-citit-jako-princezna\/","wordCount":251,"articleBody":"Vd\u00e1vat by se cht\u011bla snad ka\u017ed\u00e1 \u017eena, kter\u00e1 pozn\u00e1 svou osudovou l\u00e1sku. Je b\u00e1je\u010dn\u00e9, kdy\u017e se \u010dlov\u011bk m\u016f\u017ee spojit s druh\u00fdm \u010dlov\u011bkem i touto z\u00e1vaznou ud\u00e1lost\u00ed. Pokud jste rozhodnut\u00e1, \u017ee si sv\u00e9ho mu\u017ee chcete vz\u00edt, a \u017ee z t\u00e9 slavnostnost\u00ed akce, kter\u00e1 se kolem toho v\u0161eho bude to\u010dit, chcete ud\u011blat b\u00e1je\u010dnou ud\u00e1lost, na kterou budou v\u0161ichni z\u00fa\u010dastn\u011bn\u00ed vzpom\u00ednat s t\u011bmi nejlep\u0161\u00edmi my\u0161lenkami, pak se nev\u00e1hejte p\u011bkn\u011b obl\u00e9ci. Pr\u00e1v\u011b v\u00fdb\u011br svatebn\u00edch \u0161at\u016f je jednou z nejobt\u00ed\u017en\u011bj\u0161\u00edch z\u00e1le\u017eitost\u00ed, o kter\u00e9 se \u017eeny musej\u00ed p\u0159i za\u0159izov\u00e1n\u00ed ob\u0159adu postarat.S n\u00e1mi zvl\u00e1dnete v\u0161e hrav\u011bProto\u017ee co \u017eena, to jin\u00fd vkus, najdete ve v\u00fdb\u011bru na\u0161eho sal\u00f3nu obrovsk\u00e9 mno\u017estv\u00ed n\u00e1dhern\u00fdch model\u016f, kter\u00e9 se li\u0161\u00ed nejenom st\u0159ihy, ale tak\u00e9 velikostmi, abychom mohli obl\u00e9ci opravdu ka\u017edou \u017eenu. Rozhodn\u011b se tedy nesty\u010fte, a\u0165 u\u017e m\u00e1te postavu jakoukoliv. S p\u0159\u00edchodem do na\u0161eho sal\u00f3nu nabydete jistotou, \u017ee si vyberete. D\u00edky dlouholet\u00fdm zku\u0161enostem m\u00e1me ji\u017e p\u0159ehled o tom, co ka\u017ed\u00e9 \u017een\u011b slu\u0161\u00ed, a proto m\u016f\u017eeme pomoci i v\u00e1m. N\u00e1\u0161 sal\u00f3n je pro v\u00e1s tedy t\u00edm nejlep\u0161\u00edm m\u00edstem pro v\u00fdb\u011br slavnostn\u00edho oble\u010den\u00ed.                                                                                                                                                                                                                                                                                                                                                                                        3.7\/5 - (4 votes)        "},{"@context":"https:\/\/schema.org\/","@type":"BreadcrumbList","itemListElement":[{"@type":"ListItem","position":1,"name":"Se svatebn\u00edmi \u0161aty se budete c\u00edtit jako princezna","item":"https:\/\/www.sosag.cz\/se-svatebnimi-saty-se-budete-citit-jako-princezna\/#breadcrumbitem"}]}]