[{"@context":"https:\/\/schema.org\/","@type":"Article","@id":"https:\/\/www.sosag.cz\/nevite-si-rady-se-zahradou-oslovte-odborniky\/#Article","mainEntityOfPage":"https:\/\/www.sosag.cz\/nevite-si-rady-se-zahradou-oslovte-odborniky\/","headline":"Nev\u00edte si rady se zahradou? Oslovte odborn\u00edky!","name":"Nev\u00edte si rady se zahradou? Oslovte odborn\u00edky!","description":"Dokon\u010dovac\u00ed pr\u00e1ce na va\u0161em nov\u00e9m rodinn\u00e9m domku fini\u0161uj\u00ed? Je nejvy\u0161\u0161\u00ed \u010das p\u0159em\u00fd\u0161let [&hellip;]","datePublished":"2020-01-02","dateModified":"2023-05-04","author":{"@type":"Person","@id":"https:\/\/www.sosag.cz\/author\/#Person","name":"","url":"https:\/\/www.sosag.cz\/author\/","identifier":1,"image":{"@type":"ImageObject","@id":"https:\/\/secure.gravatar.com\/avatar\/91506ed60e31abe586276a3e1420719df081581a820344a28fa2034bb1a2fe22?s=96&d=mm&r=g","url":"https:\/\/secure.gravatar.com\/avatar\/91506ed60e31abe586276a3e1420719df081581a820344a28fa2034bb1a2fe22?s=96&d=mm&r=g","height":96,"width":96}},"publisher":{"@type":"Organization","name":"sosag.cz","logo":{"@type":"ImageObject","@id":"\/logo.png","url":"\/logo.png","width":600,"height":60}},"image":{"@type":"ImageObject","@id":"https:\/\/www.sosag.cz\/wp-content\/uploads\/img_a373526_w1706_t1585045018.jpg","url":"https:\/\/www.sosag.cz\/wp-content\/uploads\/img_a373526_w1706_t1585045018.jpg","height":0,"width":0},"url":"https:\/\/www.sosag.cz\/nevite-si-rady-se-zahradou-oslovte-odborniky\/","about":["Podnik\u00e1n\u00ed"],"wordCount":425,"articleBody":"Dokon\u010dovac\u00ed pr\u00e1ce na va\u0161em nov\u00e9m rodinn\u00e9m domku fini\u0161uj\u00ed? Je nejvy\u0161\u0161\u00ed \u010das p\u0159em\u00fd\u0161let o koncepci voln\u00e9ho prostranstv\u00ed va\u0161eho domu. Mo\u017en\u00e1 u\u017e jste m\u011bli za\u010d\u00edt d\u0159\u00edve, ale nebyl na to st\u00e1le ten spr\u00e1vn\u00fd \u010das. Te\u010f u\u017e na nic ne\u010dekejte a za\u010dn\u011bte rozvrhovat prostor okolo domu tak, aby ka\u017ed\u00fd z va\u0161\u00ed rodiny na\u0161el p\u0159\u00edjemn\u00fd kout pr\u00e1v\u011b pro sebe a to takov\u00fd, kter\u00fd vyhovuje jeho pot\u0159eb\u00e1m. Ur\u010dit\u011b se v\u0161ichni r\u00e1di setk\u00e1te na venkovn\u00ed terase, kde budete tr\u00e1vit odpo\u010dinkov\u00e9 chv\u00edle p\u0159i pohledu do zelen\u011b. Terasu m\u016f\u017eete um\u00edstit spojenou s domem tak, \u017ee j\u00ed budete i vstupovat do ob\u00fdvac\u00edho pokoje anebo si ji m\u016f\u017eete p\u0159edstavit zast\u0159e\u0161enou v rohu zahrady pobl\u00ed\u017e domu. Jen\u017ee \u2013 aby va\u0161e relaxa\u010dn\u00ed z\u00f3na nevypadala jako chud\u00e1 p\u0159\u00edbuzn\u00e1, mus\u00edte ji osadit travinami, vzrostl\u00fdmi ke\u0159i \u010di stromy tak, aby v\u00e1m poskytovaly v dob\u011b letn\u00edch veder tolik pot\u0159ebn\u00fd st\u00edn, ale aby zase nebr\u00e1nily slunci pohladit v\u00e1s prvn\u00edmi jarn\u00edmi paprsky. Um\u011bt pr\u00e1v\u011b vytvo\u0159it oddychov\u00fd kout na va\u0161\u00ed zahrad\u011b m\u016f\u017ee b\u00fdt zapeklit\u00e9. Pokud si v\u011b\u0159\u00edte, jd\u011bte do toho. Ale ruku na srdce \u2013 nen\u00ed vhodn\u011bj\u0161\u00ed, zvl\u00e1\u0161t\u011b v dne\u0161n\u00ed rychl\u00e9 dob\u011b, kdy na nic nem\u00e1me \u010das, nechat si poradit p\u0159i os\u00e1zen\u00ed va\u0161eho \u201erekrea\u010dn\u00edho prostoru\u201c zahradnick\u00fdmi firmami, kter\u00e9 zam\u011bstn\u00e1vaj\u00ed na slovo vzat\u00e9 odborn\u00edky? Profesion\u00e1ln\u00ed zahradn\u00edk si s v\u00e1mi nejd\u0159\u00edve popov\u00edd\u00e1, zjist\u00ed, jak si p\u0159edstavujete va\u0161i odpo\u010dinkovou z\u00f3nu. D\u00e1le \u2013 kolik \u010dasu chcete v\u011bnovat pr\u00e1ci na va\u0161\u00ed zahr\u00e1dce a tak\u00e9 kolik pen\u011bz do realizace a n\u00e1sledn\u00e9 p\u00e9\u010de chcete v\u011bnovat. To v\u0161e jsou d\u016fle\u017eit\u00e9 ot\u00e1zky, kter\u00e9 je t\u0159eba spole\u010dn\u011b probrat. Je d\u016fle\u017eit\u00fd v\u00e1\u0161 pohled a zahradn\u00edk ho bude respektovat, proto\u017ee na zahrad\u011b budete pob\u00fdvat hlavn\u011b vy a va\u0161e rodina a vy v\u0161ichni byste se tam m\u011bli c\u00edtit dob\u0159e. Kde jinde by si \u010dlov\u011bk m\u011bl odpo\u010dinout, ne\u017e doma? Profesion\u00e1l v\u00e1m porad\u00ed, navrhne letni\u010dky a trvalky tak, abyste co nejd\u00e9le byli obklopeni barvami. Stejn\u011b tak v\u00e1m doporu\u010d\u00ed vhodn\u00e9 traviny, ke\u0159e, stromky, aby prostor okolo v\u00e1s byl pestrobarevn\u00fd a \u017eiv\u00fd.                                                                                                                                                                                                                                                                                                                                                                                        4.1\/5 - (7 votes)        "},{"@context":"https:\/\/schema.org\/","@type":"BreadcrumbList","itemListElement":[{"@type":"ListItem","position":1,"name":"Nev\u00edte si rady se zahradou? Oslovte odborn\u00edky!","item":"https:\/\/www.sosag.cz\/nevite-si-rady-se-zahradou-oslovte-odborniky\/#breadcrumbitem"}]}]